{"id":29,"date":"2009-08-10T14:53:04","date_gmt":"2009-08-10T12:53:04","guid":{"rendered":"https:\/\/gipfelkranz.lusan.at\/?p=29"},"modified":"2009-08-10T14:53:04","modified_gmt":"2009-08-10T12:53:04","slug":"keeskogel-2884m","status":"publish","type":"post","link":"https:\/\/gasteiner-gipfelkranz.at\/?p=29","title":{"rendered":"Keeskogel (2884m) aka &#8220;Cheesekog\u00fc&#8221;"},"content":{"rendered":"<p>\t\t\t\tWOW! Was f\u00fcr eine Tour! Konditionell im oberen Bereich! Am Freitag Nachmittag mit dem Lacknerbus zur Prossau gefahren, weil wir zeitlich schon etwas sp\u00e4t dran waren. Aufstieg aufs K\u00fchkar, Auff\u00fcllen der Wasserbeutel und Flaschen mit vermeintlichem Quellwasser. Danach ca. 3st\u00fcndiger Aufstieg bis auf die Kleinelendscharte und die &#8220;Ali Lanti&#8221; Biwakschachtel. 20Minuten vor dem Dunkelwerden haben wir die Schachtel erreicht, von oben herrlicher Ausblick auf die K\u00e4rtner Seite und den Ankogel mit Gletscher. \u00dcbernachtung in der luxuri\u00f6s ausgestatteten Schachtel, Tee, Gaskocher, Suppen und Schnapserl sind vorhanden genauso wie Schlafs\u00e4cke und Kopfpolster. Nach eine kurzen und schlaflosen Nacht Fr\u00fchst\u00fcck, Morgenputz und Aufstieg auf den Keeskogel. Zuerst \u00fcber Ger\u00f6llhalden und riesige Steinbrocken, am Schluss dann \u00fcber Felsen auf allen Vieren . . Herrliche Aussicht am Gipfel, Eintrag ins Gipfelbuch und Abstieg zur Ali Lanti. Eigentlich wollten wir noch den Keesnickelkopf mitnehmen (wo wir schon mal da waren :), leider hat sich das als zu schwierig erwiesen (ohne Seil und Klettererfahrung). Also Abstieg zum K\u00fchkar, Kasecache, Prossau und Fussmarsch zum Gr\u00fcnen Baum. Die Jause im Sonnenschein haben wir uns verdient!<\/p>\nngg_shortcode_0_placeholder\n","protected":false},"excerpt":{"rendered":"<p>WOW! Was f\u00fcr eine Tour! Konditionell im oberen Bereich! Am Freitag Nachmittag mit dem Lacknerbus zur Prossau gefahren, weil wir zeitlich schon etwas sp\u00e4t dran waren. Aufstieg aufs K\u00fchkar, Auff\u00fcllen der Wasserbeutel und Flaschen mit vermeintlichem Quellwasser. Danach ca. 3st\u00fcndiger Aufstieg bis auf die Kleinelendscharte und die &#8220;Ali Lanti&#8221; Biwakschachtel. 20Minuten vor dem Dunkelwerden haben [&hellip;]<\/p>\n","protected":false},"author":1,"featured_media":0,"comment_status":"open","ping_status":"open","sticky":false,"template":"","format":"standard","meta":{"ngg_post_thumbnail":0,"footnotes":""},"categories":[2],"tags":[6,7,12],"class_list":["post-29","post","type-post","status-publish","format-standard","hentry","category-erledigt","tag-anspruchsvoll","tag-ausgesetzt","tag-erhard"],"_links":{"self":[{"href":"https:\/\/gasteiner-gipfelkranz.at\/index.php?rest_route=\/wp\/v2\/posts\/29","targetHints":{"allow":["GET"]}}],"collection":[{"href":"https:\/\/gasteiner-gipfelkranz.at\/index.php?rest_route=\/wp\/v2\/posts"}],"about":[{"href":"https:\/\/gasteiner-gipfelkranz.at\/index.php?rest_route=\/wp\/v2\/types\/post"}],"author":[{"embeddable":true,"href":"https:\/\/gasteiner-gipfelkranz.at\/index.php?rest_route=\/wp\/v2\/users\/1"}],"replies":[{"embeddable":true,"href":"https:\/\/gasteiner-gipfelkranz.at\/index.php?rest_route=%2Fwp%2Fv2%2Fcomments&post=29"}],"version-history":[{"count":0,"href":"https:\/\/gasteiner-gipfelkranz.at\/index.php?rest_route=\/wp\/v2\/posts\/29\/revisions"}],"wp:attachment":[{"href":"https:\/\/gasteiner-gipfelkranz.at\/index.php?rest_route=%2Fwp%2Fv2%2Fmedia&parent=29"}],"wp:term":[{"taxonomy":"category","embeddable":true,"href":"https:\/\/gasteiner-gipfelkranz.at\/index.php?rest_route=%2Fwp%2Fv2%2Fcategories&post=29"},{"taxonomy":"post_tag","embeddable":true,"href":"https:\/\/gasteiner-gipfelkranz.at\/index.php?rest_route=%2Fwp%2Fv2%2Ftags&post=29"}],"curies":[{"name":"wp","href":"https:\/\/api.w.org\/{rel}","templated":true}]}}